{"provider_url": "https://www.morroagudo.sp.leg.br", "title": "Municipio de Morro Agudo", "html": "<p align=\"center\"><strong><img src=\"https://www.morroagudo.sp.leg.br/institucional/acesso/4_plgNewsPoster.jpg\" alt=\"\" class=\"image-inline\" title=\"\" /></strong></p>\r\n<p align=\"center\"><strong>O MUNIC\u00cdPIO DE MORRO AGUDO</strong></p>\r\n<p align=\"justify\"><span><span>\u00a0\u00a0\u00a0\u00a0</span><span>Por volta de 1.860, devido a queda do caf\u00e9, no Rio de Janeiro, o movimento migrat\u00f3rio em dire\u00e7\u00e3o ao estado de S\u00e3o Paulo, crescer a olhos vistos. Os migrantes vinham atra\u00eddos pelas terras e pela abund\u00e2ncia das \u00e1guas existentes. Os irm\u00e3os Pl\u00e1cido Parreira Lima e Anacleto Parreira Lima, afim de construir o patrim\u00f4nio para a edifica\u00e7\u00e3o da Capela, doaram ao munic\u00edpio 80 (oitenta) alqueires de terra na data de 11/12/1851. Nascido o povoado, este foi elevado a categoria de freguesia por for\u00e7a da Lei Provincial n\u00ba 28 de 10 de mar\u00e7o de 1.885.</span></span></p>\r\n<p align=\"justify\"><span><span>\u00a0\u00a0\u00a0 O desenvolvimento pelo qual passava a freguesia fez com que, as autoridades, a elevassem a categoria de Distrito, o que deu-se em 24 de julho de 1894, por for\u00e7a da lei Estadual n.\u00ba 302, com o nome de S\u00e3o Jos\u00e9 do Morro Agudo, sendo referido distrito incorporado ao Munic\u00edpio Esp\u00edrito Santo de Batatais, hoje Batatais.</span></span></p>\r\n<p align=\"justify\"><span><span>Posteriormente fora desmembrado do Munic\u00edpio de Batatais, pertencendo a Nuporanga e a Orl\u00e2ndia. Finalmente fora elevado a categoria de Munic\u00edpio atrav\u00e9s do Decreto-Lei n.\u00ba 6.638 de 31 de Agosto de 1934, havendo a solene instala\u00e7\u00e3o em 06 de Janeiro de 1.935.</span></span></p>\r\n<p align=\"justify\"><span><span>\u00a0\u00a0\u00a0 Como Munic\u00edpio, Morro Agudo, ainda est\u00e1 sob a Jurisdi\u00e7\u00e3o da Comarca de Orl\u00e2ndia. Dentre os acontecimentos hist\u00f3ricos marcantes, destaca-se a instala\u00e7\u00e3o do 1\u00ba Cart\u00f3rio de registro civil em 1895, por ocasi\u00e3o da cria\u00e7\u00e3o do Distrito de Paz e a tomada de posse do primeiro Prefeito do Munic\u00edpio, Sr. Milton Pereira Viana, nomeado pelo ato de 05 de Novembro de 1.934, pelo ent\u00e3o interventor Federal do Estado de S\u00e3o Paulo, Dr. Armando Salles de Oliveira.</span></span></p>\r\n<p align=\"justify\"><span><span>\u00a0\u00a0\u00a0 A denomina\u00e7\u00e3o de \"Morro Agudo\" deve-se ao fato da sede do Munic\u00edpio estar pr\u00f3xima a uma eleva\u00e7\u00e3o \u00fanica e saliente, conhecida por Morro do Agudo.</span></span></p>\r\n<p align=\"justify\"><span><span>\u00a0\u00a0\u00a0 Morro Agudo, \u00e9 o 10\u00ba Munic\u00edpio em extens\u00e3o territorial, do Estado de S\u00e3o Paulo, totalizando 1.372 KM\u00b2, que correspondem a 0,0005527% da \u00e1rea do Estado. Sua terra f\u00e9rtil e muito prop\u00edcia a agricultura, associada a uma condi\u00e7\u00e3o geogr\u00e1fica muito favor\u00e1vel faz do Munic\u00edpio grande produtor de gr\u00e3os, em especial a soja e o milho.</span></span></p>\r\n<p align=\"justify\"><span><span>\u00a0\u00a0\u00a0 A partir dos anos 70, com a implanta\u00e7\u00e3o do Programa Pro-\u00e1lcool, grande parte de suas terras foram destinadas ao plantio da cana-de-a\u00e7\u00facar, estando instaladas em seu munic\u00edpio duas grandes Usinas: Companhia A\u00e7ucareira Vale do Ros\u00e1rio e Usina de A\u00e7\u00facar e \u00c1lcool MB.</span></span></p>\r\n<p align=\"justify\">\u00a0</p>\r\n<p align=\"justify\"><span><span>\u00a0\u00a0\u00a0 Atrav\u00e9s de pesquisa realizada pela Equipe T\u00e9cnica do CEPAM - Funda\u00e7\u00e3o Prefeito Faria Lima de outubro de 2007 a fevereiro de 2008, segue a tabela com os 10 maiores munic\u00edpios do Estado de S\u00e3o Paulo.</span></span></p>\r\n<table id=\"table3\">\r\n<tbody>\r\n<tr>\r\n<td align=\"center\"><b><span>Posi\u00e7\u00e3o</span></b></td>\r\n<td align=\"center\"><b><span>Munic\u00edpio</span></b></td>\r\n<td align=\"center\"><b><span>\u00c1rea/Km\u00b2</span></b></td>\r\n</tr>\r\n<tr>\r\n<td align=\"center\"><span>1\u00b0</span></td>\r\n<td align=\"center\"><span>Iguape</span></td>\r\n<td align=\"center\"><span>1964</span></td>\r\n</tr>\r\n<tr>\r\n<td align=\"center\"><span>2\u00b0</span></td>\r\n<td align=\"center\"><span>Itapeva</span></td>\r\n<td align=\"center\"><span>1889</span></td>\r\n</tr>\r\n<tr>\r\n<td align=\"center\"><span>3\u00b0</span></td>\r\n<td align=\"center\"><span>Itapetininga</span></td>\r\n<td align=\"center\"><span>1767</span></td>\r\n</tr>\r\n<tr>\r\n<td align=\"center\"><span>4\u00b0</span></td>\r\n<td align=\"center\"><span>Eldorado</span></td>\r\n<td align=\"center\"><span>1712</span></td>\r\n</tr>\r\n<tr>\r\n<td align=\"center\"><span>5\u00b0</span></td>\r\n<td align=\"center\"><span>Cap\u00e3o Bonito</span></td>\r\n<td align=\"center\"><span>1619</span></td>\r\n</tr>\r\n<tr>\r\n<td align=\"center\"><span>6\u00b0</span></td>\r\n<td align=\"center\"><span>Rancharia</span></td>\r\n<td align=\"center\"><span>1616</span></td>\r\n</tr>\r\n<tr>\r\n<td align=\"center\"><span>7\u00b0</span></td>\r\n<td align=\"center\"><span>Barretos</span></td>\r\n<td align=\"center\"><span>1570</span></td>\r\n</tr>\r\n<tr>\r\n<td align=\"center\"><span>8\u00b0</span></td>\r\n<td align=\"center\"><span>S\u00e3o Paulo</span></td>\r\n<td align=\"center\"><span>1509</span></td>\r\n</tr>\r\n<tr>\r\n<td align=\"center\"><span>9\u00b0</span></td>\r\n<td align=\"center\"><span>Botucatu</span></td>\r\n<td align=\"center\"><span>1496</span></td>\r\n</tr>\r\n<tr>\r\n<td align=\"center\"><b><span>10\u00b0</span></b></td>\r\n<td align=\"center\"><b><span>MORRO AGUDO</span></b></td>\r\n<td align=\"center\"><b><span>1372</span></b></td>\r\n</tr>\r\n</tbody>\r\n</table>\r\n<p>\u00a0</p>\r\n<table id=\"table4\">\r\n<tbody>\r\n<tr>\r\n<td align=\"center\" colspan=\"2\"><b><span>DADOS COMPLEMENTARES SOBRE O MUNIC\u00cdPIO DE MORRO AGUDO/SP.</span></b></td>\r\n</tr>\r\n<tr>\r\n<td align=\"center\"><span>Anivers\u00e1rio do Munic\u00edpio</span></td>\r\n<td align=\"center\"><span>6 de janeiro</span></td>\r\n</tr>\r\n<tr>\r\n<td align=\"center\"><span>\u00c1rea/km\u00b2</span></td>\r\n<td align=\"center\"><span>1372</span></td>\r\n</tr>\r\n<tr>\r\n<td align=\"center\">\r\n<p><span>Eleitores<span></span></span></p>\r\n<p><span>(Dados cedidos pelo Cart\u00f3rio Eleitoral de Morro Agudo no dia 17/06/2008)</span></p>\r\n</td>\r\n<td align=\"center\"><span>19.259</span></td>\r\n</tr>\r\n<tr>\r\n<td align=\"center\"><span>Popula\u00e7\u00e3o</span></td>\r\n<td align=\"center\"><span>28.514</span></td>\r\n</tr>\r\n<tr>\r\n<td align=\"center\"><span>IDH*</span></td>\r\n<td align=\"center\"><span>0,770</span></td>\r\n</tr>\r\n<tr>\r\n<td align=\"center\"><span>Ranking IDH</span></td>\r\n<td align=\"center\"><span>418</span></td>\r\n</tr>\r\n<tr>\r\n<td align=\"center\"><span>Regi\u00e3o Administrativa</span></td>\r\n<td align=\"center\"><span>Franca</span></td>\r\n</tr>\r\n<tr>\r\n<td align=\"center\"><span>UGRHI*</span></td>\r\n<td align=\"center\"><span>4, 12</span></td>\r\n</tr>\r\n</tbody>\r\n</table>\r\n<p>\u00a0</p>\r\n<p align=\"justify\"><b><span>*O QUE \u00c9 IDH?</span></b></p>\r\n<p align=\"justify\"><span>\u00a0\u00a0\u00a0</span></p>\r\n<p align=\"justify\"><span>\u00a0\u00a0\u00a0 O \u00cdndice de Desenvolvimento Humano (IDH) \u00e9 uma medida comparativa de riqueza, alfabetiza\u00e7\u00e3o, educa\u00e7\u00e3o, esperan\u00e7a de vida, natalidade e outros fatores para os diversos pa\u00edses do mundo. \u00c9 uma maneira , padronizada de avalia\u00e7\u00e3o e medida do bem-estar de uma popula\u00e7\u00e3o, especialmente bem-estar infantil. O \u00edndice foi desenvolvido em 1990 pelo economista paquistan\u00eas Mahbub Ul Hag, e vem sendo usado desde 1993 pelo Programa das Na\u00e7\u00f5es Unidas para o Desenvolvimento em seu relat\u00f3rio anual. Todo ano, os pa\u00edses membros da ONU (Organiza\u00e7\u00e3o das Na\u00e7\u00f5es Unidas) s\u00e3o classificados de acordo com essas medidas e isso tamb\u00e9m \u00e9 levado em considera\u00e7\u00e3o na medi\u00e7\u00e3o do IDH dos munic\u00edpios.</span></p>\r\n<p align=\"justify\"><span>\u00a0\u00a0\u00a0 O IDH varia de 0 a 1. Quanto mais pr\u00f3ximo de 1, melhor \u00e9 o IDH do munic\u00edpio.</span></p>\r\n<p align=\"justify\">\u00a0</p>\r\n<p align=\"justify\"><b><span>*O QUE \u00c9 UGRHI?</span></b></p>\r\n<p align=\"justify\">\u00a0\u00a0\u00a0\u00a0<span>UGRHI s\u00e3o as Unidades Hidrogr\u00e1ficas de Gerenciamento de Recursos H\u00eddricos, Morro Agudo devido a sua grande extens\u00e3o territorial faz parte das Unidades Hidrogr\u00e1ficas UGRHI-12 e UGRHI-4 que seguem abaixo relacionadas com suas respectivas caracter\u00edsticas e munic\u00edpios.</span></p>\r\n<p><b><span><span>\u00a0\u00a0\u00a0</span><span>\u00a0 Bacia - Baixo Pardo/Grande - (UGRHI-12)</span></span></b></p>\r\n<p align=\"justify\">\u00a0</p>\r\n<p align=\"justify\">\u00a0\u00a0\u00a0\u00a0<span>A bacia do Baixo Pardo/Grande, UGRHI-12, abrange os munic\u00edpios de Col\u00f4mbia, Barretos, Jaborandi, Terra Roxa, e Viradouro com suas \u00e1reas totalmente dentro desta URGHI; Barretos com pequena parte de sua \u00e1rea tamb\u00e9m na UGRHI-15, seguido por Colina, Bebedouro e Monte Azul Paulista que possuem apenas uma pequena parte na URGHI-15.\u00a0<b>Morro Agudo</b>\u00a0e Orl\u00e2ndia possuem a maior parte de sua \u00e1rea na UGRHI-12 e pequena parte do munic\u00edpio Sales Oliveira e o restante deles na UGRHI- 4.</span></p>\r\n<p align=\"justify\"><span>\u00a0\u00a0\u00a0 Orl\u00e2ndia, S\u00e3o Joaquim da Barra, Ipu\u00e3, Gua\u00edra e Nuporanga ainda tem o munic\u00edpio dividido com a UGRHI-08. E os munic\u00edpios de Taquaral, Pitangueiras possuem pequena parte na UGRHI-12, mas grande parte na UGRHI-09.</span></p>\r\n<p>\u00a0</p>\r\n<p><span>\u00a0\u00a0\u00a0</span><span>\u00a0</span><b><span>\u00a0Bacia \u2013 Pardo - (UGRHI-4)</span></b></p>\r\n<p align=\"justify\">\u00a0\u00a0\u00a0<span>\u00a0</span></p>\r\n<p align=\"justify\"><span>\u00a0\u00a0\u00a0 A bacia do Baixo Pardo envolve os munic\u00edpios de Sales Oliveira, Orl\u00e2ndia e Morro Agudo tamb\u00e9m pertencentes \u00e0 URGHI-12; os munic\u00edpios de Pontal, Sert\u00e3ozinho, Ribeir\u00e3o Preto, Cravinhos, S\u00e3o Sim\u00e3o e Santa Rosa do Viterbo dividem suas \u00e1reas com a UGRHI-9; Batatais, Altin\u00f3polis, Santo Antonio da Alegria e C\u00e1ssia dos Coqueiros tamb\u00e9m possuem parte de sua \u00e1rea na URGHI-08; Sales Oliveira, Orl\u00e2ndia e\u00a0<b>Morro Agudo</b>\u00a0t\u00eam parte de suas \u00e1reas na URGHI-12; e finalmente, Cajuru, Santa Cruz da Esperan\u00e7a, Serra Azul, Serrana, Brodowsky e Jardin\u00f3polis com suas \u00e1reas totalmente dentro da URGHI- Pardo.</span></p>\r\n<p align=\"justify\">\u00a0</p>\r\n<p align=\"justify\"><span>\u00a0\u00a0\u00a0 Fonte:\u00a0<a href=\"http://www.abagrp.cnpm.embrapa.br/areas/hidrografia.htm\">http://www.abagrp.cnpm.embrapa.br/areas/hidrografia.htm</a></span></p>\r\n<p align=\"justify\">\u00a0</p>\r\n<p align=\"justify\"><b><span>Fonte: Jornal Folha de S\u00e3o Paulo - ribeir\u00e3o</span></b></p>\r\n<p align=\"justify\"><b><span>Quinta-feira, 26 de junho de 2008 - p\u00e1gina C4</span></b></p>\r\n<p align=\"justify\">\u00a0</p>\r\n<p align=\"justify\"><b><span>Cidade tem canavial em 79% da \u00e1rea.</span></b></p>\r\n<p align=\"justify\"><span><b>MORRO AGUDO</b>\u00a0PRODUZ CANA-DE-A\u00c7\u00daCAR EM \u00c1REA EQUIVALENTE A 132 MIL MARACAN\u00c3S</span></p>\r\n<p align=\"justify\"><b><span>Superintendente de ag\u00eancia de \u00e1guas\u00a0 diz que intensa produ\u00e7\u00e3o n\u00e3o preocupa porque a regi\u00e3o tem alta pluviosidade.</span></b></p>\r\n<p align=\"justify\">\u00a0</p>\r\n<p align=\"justify\"><span>\u00a0\u00a0\u00a0 Maior produtor em \u00e1rea total da regi\u00e3o de Ribeir\u00e3o Preto,\u00a0<b>Morro Agudo</b>, de acordo com o estudo apresentado em evento da ANA (Ag\u00eancia Nacional de \u00c1guas), ocupou 79% de seu territ\u00f3rio em 1.372 km\u00b2 com cana na safra 2007/2008.\u00a0<b>A \u00e1rea de cana plantada no munic\u00edpio equivale a 132 mil campos de futebol como o do Maracan\u00e3, que tem 8.250 m\u00b2.</b></span></p>\r\n<p align=\"justify\"><span><b>\u00a0\u00a0\u00a0 Morro Agudo</b>, que tem a segunda maior extens\u00e3o territorial da regi\u00e3o, atr\u00e1s somente de Barretos, \u00e9 favorecido pela topografia plana e tem duas usinas de a\u00e7\u00facar e \u00e1lcool.</span></p>\r\n<p align=\"justify\"><span>\u00a0\u00a0\u00a0 \"A intensa produ\u00e7\u00e3o ou a alta propor\u00e7\u00e3o em rela\u00e7\u00e3o \u00e1 \u00e1rea total n\u00e3o preocupam, porque a planta\u00e7\u00e3o [na regi\u00e3o] n\u00e3o \u00e9 de irriga\u00e7\u00e3o intensiva. A regi\u00e3o tem pluviosidade boa e, em S\u00e3o Paulo, a tecnologia \u00e9 mais avan\u00e7ada, com mais reuso da \u00e1gua e economia da lavagem\", afirmou o superintendente-adjunto de usos m\u00faltiplosda ANA, Manfredo Cardoso.</span></p>\r\n<p align=\"justify\"><span>\u00a0\u00a0\u00a0 A ANA, de acordo com o superintendente, tem se preocupado com o Estado de Goi\u00e1s. \"Merece aten\u00e7\u00e3o, porque \u00e9 mais novo [no setor sucroalcooleiro]. A falta de \u00e1gua pode inviabilizar um neg\u00f3cio. Se voc\u00ea \u00e9 investidor, antes de fazer qualquer investimento precisa saber realmente em que terreno est\u00e1 pisando, se a \u00e1gua \u00e9 pouca para o empreendimento. N\u00e3o \u00e9 uma integra\u00e7\u00e3o f\u00e1cil, mas \u00e9 o caminho que buscamos\", disse. Embora a regi\u00e3o administrativa de Franca seja a maior produtora de cana do estado, a microrregi\u00e3o de Franca tem sete das dez localidades que menos produzem cana. \"A topografia n\u00e3o facilita a entrada da cana em Franca, porque impede a mecaniza\u00e7\u00e3o da colheita. Al\u00e9m disso, o caf\u00e9 remunera, n\u00e3o \u00e9 uma atividade ruim. Hoje, a cana paga R$ 35,00 a tonelada, o que n\u00e3o \u00e9 como antes [chegou a R$ 50,00]\", disse S\u00e9rgio Prado, diretor regional da UNICA (Uni\u00e3o da Ind\u00fastria de Cana-de-A\u00e7\u00facar).</span></p>\r\n<p align=\"justify\">\u00a0</p>\r\n<p align=\"justify\"><b><span>A \u00c1REA PLANTADA DE CANA NA REGI\u00c3O DE RIBEIR\u00c3O.</span></b></p>\r\n<p align=\"justify\"><span>Regi\u00e3o tem quatro munic\u00edpios com mais de 80% da \u00e1rea ocupada com cana.</span></p>\r\n<p align=\"justify\">\u00a0</p>\r\n<table id=\"table5\">\r\n<tbody>\r\n<tr>\r\n<td colspan=\"4\">\r\n<p align=\"center\"><span><b>AS L\u00cdDERES NO ESTADO EM OCUPA\u00c7\u00c3O</b></span></p>\r\n</td>\r\n</tr>\r\n<tr>\r\n<td align=\"center\"><span><b>CIDADE</b></span></td>\r\n<td align=\"center\"><span><b>\u00c1REA DO MUNIC\u00cdPIO (KM\u00b2)</b></span></td>\r\n<td align=\"center\"><span><b>\u00c1REA DE CANA (KM\u00b2)</b></span></td>\r\n<td align=\"center\"><span><b>QUANTO DA \u00c1REA A CANA OCUPA (%)</b></span></td>\r\n</tr>\r\n<tr>\r\n<td>\r\n<p align=\"center\"><span>S\u00e3o Joaquim da Barra</span></p>\r\n</td>\r\n<td>\r\n<p align=\"center\"><span>324</span></p>\r\n</td>\r\n<td>\r\n<p align=\"center\"><span>294</span></p>\r\n</td>\r\n<td>\r\n<p align=\"center\"><span>91</span></p>\r\n</td>\r\n</tr>\r\n<tr>\r\n<td>\r\n<p align=\"center\"><span>Dumont</span></p>\r\n</td>\r\n<td>\r\n<p align=\"center\"><span>102</span></p>\r\n</td>\r\n<td>\r\n<p align=\"center\"><span>91</span></p>\r\n</td>\r\n<td>\r\n<p align=\"center\"><span>90</span></p>\r\n</td>\r\n</tr>\r\n<tr>\r\n<td>\r\n<p align=\"center\"><span>Guariba</span></p>\r\n</td>\r\n<td>\r\n<p align=\"center\"><span>264</span></p>\r\n</td>\r\n<td>\r\n<p align=\"center\"><span>226</span></p>\r\n</td>\r\n<td>\r\n<p align=\"center\"><span>86</span></p>\r\n</td>\r\n</tr>\r\n<tr>\r\n<td>\r\n<p align=\"center\"><span>Igara\u00e7u do Tiet\u00ea*</span></p>\r\n</td>\r\n<td>\r\n<p align=\"center\"><span>90</span></p>\r\n</td>\r\n<td>\r\n<p align=\"center\"><span>74</span></p>\r\n</td>\r\n<td>\r\n<p align=\"center\"><span>83</span></p>\r\n</td>\r\n</tr>\r\n<tr>\r\n<td>\r\n<p align=\"center\"><span>Dobrada</span></p>\r\n</td>\r\n<td>\r\n<p align=\"center\"><span>154</span></p>\r\n</td>\r\n<td>\r\n<p align=\"center\"><span>125</span></p>\r\n</td>\r\n<td>\r\n<p align=\"center\"><span>81</span></p>\r\n</td>\r\n</tr>\r\n</tbody>\r\n</table>\r\n<p align=\"left\"><span>(*) \u00fanica que n\u00e3o \u00e9 da regi\u00e3o de Ribeir\u00e3o Preto</span></p>\r\n<p align=\"left\">\u00a0</p>\r\n<table id=\"table6\">\r\n<tbody>\r\n<tr>\r\n<td align=\"center\" colspan=\"4\">\r\n<p align=\"center\"><b><span>NA REGI\u00c3O DE RIBEIR\u00c3O PRETO</span></b></p>\r\n</td>\r\n</tr>\r\n<tr>\r\n<td align=\"center\"><b><span>CIDADE</span></b></td>\r\n<td align=\"center\"><b><span>\u00c1REA TOTAL (KM\u00b2)</span></b></td>\r\n<td align=\"center\"><b><span>\u00c1REA COM CANA (KM\u00b2)</span></b></td>\r\n<td align=\"center\"><b><span>QUANTO DA \u00c1REA A CANA OCUPA (%)</span></b></td>\r\n</tr>\r\n<tr>\r\n<td align=\"center\"><b><span>Morro Agudo</span></b></td>\r\n<td align=\"center\"><b><span>1.372</span></b></td>\r\n<td align=\"center\"><b><span>1.089</span></b></td>\r\n<td align=\"center\"><b><span>79</span></b></td>\r\n</tr>\r\n<tr>\r\n<td align=\"center\"><span>Jaboticabal</span></td>\r\n<td align=\"center\"><span>704</span></td>\r\n<td align=\"center\"><span>550</span></td>\r\n<td align=\"center\"><span>78</span></td>\r\n</tr>\r\n<tr>\r\n<td align=\"center\"><span>Barretos</span></td>\r\n<td align=\"center\"><span>1.570</span></td>\r\n<td align=\"center\"><span>527</span></td>\r\n<td align=\"center\"><span>34</span></td>\r\n</tr>\r\n<tr>\r\n<td align=\"center\"><span>Batatais</span></td>\r\n<td align=\"center\"><span>838</span></td>\r\n<td align=\"center\"><span>469</span></td>\r\n<td align=\"center\"><span>56</span></td>\r\n</tr>\r\n<tr>\r\n<td align=\"center\"><span>Gua\u00edra</span></td>\r\n<td align=\"center\"><span>1.241</span></td>\r\n<td align=\"center\"><span>458</span></td>\r\n<td align=\"center\"><span>37</span></td>\r\n</tr>\r\n<tr>\r\n<td align=\"center\"><span>Araraquara</span></td>\r\n<td align=\"center\"><span>1.011</span></td>\r\n<td align=\"center\"><span>444</span></td>\r\n<td align=\"center\"><span>44</span></td>\r\n</tr>\r\n<tr>\r\n<td align=\"center\"><span>Ol\u00edmpia</span></td>\r\n<td align=\"center\"><span>812</span></td>\r\n<td align=\"center\"><span>337</span></td>\r\n<td align=\"center\"><span>42</span></td>\r\n</tr>\r\n<tr>\r\n<td align=\"center\"><span>Jardin\u00f3polis</span></td>\r\n<td align=\"center\"><span>504</span></td>\r\n<td align=\"center\"><span>336</span></td>\r\n<td align=\"center\"><span>67</span></td>\r\n</tr>\r\n<tr>\r\n<td align=\"center\"><span>S\u00e3o Carlos</span></td>\r\n<td align=\"center\"><span>1.132</span></td>\r\n<td align=\"center\"><span>335</span></td>\r\n<td align=\"center\"><span>30</span></td>\r\n</tr>\r\n<tr>\r\n<td align=\"center\"><span>Pitangueiras</span></td>\r\n<td align=\"center\"><span>440</span></td>\r\n<td align=\"center\"><span>333</span></td>\r\n<td align=\"center\"><span>76</span></td>\r\n</tr>\r\n<tr>\r\n<td align=\"center\"><span>Ribeir\u00e3o Preto</span></td>\r\n<td align=\"center\"><span>642</span></td>\r\n<td align=\"center\"><span>324</span></td>\r\n<td align=\"center\"><span>50</span></td>\r\n</tr>\r\n<tr>\r\n<td align=\"center\"><span>Ituverava</span></td>\r\n<td align=\"center\"><span>746</span></td>\r\n<td align=\"center\"><span>308</span></td>\r\n<td align=\"center\"><span>41</span></td>\r\n</tr>\r\n<tr>\r\n<td align=\"center\"><span>Bebedouro</span></td>\r\n<td align=\"center\"><span>674</span></td>\r\n<td align=\"center\"><span>295</span></td>\r\n<td align=\"center\"><span>44</span></td>\r\n</tr>\r\n<tr>\r\n<td align=\"center\"><span>S\u00e3o Joaquim da Barra</span></td>\r\n<td align=\"center\"><span>324</span></td>\r\n<td align=\"center\"><span>294</span></td>\r\n<td align=\"center\"><span>91</span></td>\r\n</tr>\r\n<tr>\r\n<td align=\"center\"><span>Sert\u00e3ozinho</span></td>\r\n<td align=\"center\"><span>405</span></td>\r\n<td align=\"center\"><span>291</span></td>\r\n<td align=\"center\"><span>72</span></td>\r\n</tr>\r\n<tr>\r\n<td align=\"center\"><span>Ipu\u00e3</span></td>\r\n<td align=\"center\"><span>564</span></td>\r\n<td align=\"center\"><span>291</span></td>\r\n<td align=\"center\"><span>52</span></td>\r\n</tr>\r\n<tr>\r\n<td align=\"center\"><span>Pontal</span></td>\r\n<td align=\"center\"><span>380</span></td>\r\n<td align=\"center\"><span>288</span></td>\r\n<td align=\"center\"><span>76</span></td>\r\n</tr>\r\n<tr>\r\n<td align=\"center\"><span>Luiz Ant\u00f4nio</span></td>\r\n<td align=\"center\"><span>611</span></td>\r\n<td align=\"center\"><span>279</span></td>\r\n<td align=\"center\"><span>46</span></td>\r\n</tr>\r\n<tr>\r\n<td align=\"center\"><span>Taquaritinga</span></td>\r\n<td align=\"center\"><span>582</span></td>\r\n<td align=\"center\"><span>278</span></td>\r\n<td align=\"center\"><span>48</span></td>\r\n</tr>\r\n<tr>\r\n<td align=\"center\">\r\n<p><span>Miguel\u00f3polis</span></p>\r\n</td>\r\n<td align=\"center\">\r\n<p><span>800</span></p>\r\n</td>\r\n<td align=\"center\">\r\n<p><span>278</span></p>\r\n</td>\r\n<td align=\"center\">\r\n<p><span>35</span></p>\r\n</td>\r\n</tr>\r\n</tbody>\r\n</table>\r\n<div align=\"center\">\r\n<p align=\"left\"><span>Fonte: ANA (Ag\u00eancia Nacional de \u00c1guas)</span></p>\r\n</div>\r\n<p align=\"justify\"><span><span><br /></span></span></p>", "author_name": "Interlegis", "version": "1.0", "author_url": "https://www.morroagudo.sp.leg.br/author/Interlegis", "provider_name": "C\u00e2mara Municipal de Morro Agudo", "type": "rich"}